{"id":869,"date":"2026-02-05T00:00:00","date_gmt":"2026-02-05T00:00:00","guid":{"rendered":"http:\/\/www.cenais.cu\/cenais\/?p=869"},"modified":"2026-02-05T15:32:53","modified_gmt":"2026-02-05T15:32:53","slug":"febrero-terremotos-en-la-historia","status":"publish","type":"post","link":"https:\/\/www.cenais.gob.cu\/cenais\/?p=869","title":{"rendered":"Febrero. Terremotos en la historia"},"content":{"rendered":"<div class=\"wp-block-image\">\r\n<figure class=\"alignleft size-large\"><a href=\"\/cenais\/wp-content\/uploads\/2021\/02\/derrumbes-techos-web-300x214-1.jpg\"><img loading=\"lazy\" decoding=\"async\" width=\"300\" height=\"214\" class=\"wp-image-896\" src=\"\/cenais\/wp-content\/uploads\/2021\/02\/derrumbes-techos-web-300x214-1.jpg\" alt=\"\" \/><\/a>\r\n<figcaption class=\"wp-element-caption\">Santiago de Cuba. Edificio de dos plantas situado en la calle de Saco baja.<\/figcaption>\r\n<\/figure>\r\n<\/div>\r\n\r\n\r\n<p>&nbsp;<\/p>\r\n\r\n\r\n\r\n<p><strong>CUBA<\/strong><\/p>\r\n\r\n\r\n\r\n<p><strong>3 Febrero 1932, 01:16 AM, Magnitud 6.7, Intensidad VIII en Santiago de Cuba.<\/strong><\/p>\r\n\r\n\r\n\r\n<p>Es el terremoto m\u00e1s destructivo que ha sufrido Cuba en los \u00faltimos 169 a\u00f1os, despu\u00e9s del terremoto del 20 de agosto de 1852. La revista <a href=\"http:\/\/www.cenais.cu\/strong\/1932\/doc\/Bohemia_7_febrero_1932.pdf\">Bohemia<\/a> de la \u00e9poca publica informaci\u00f3n detallada de lo ocurrido en la ciudad de Santiago de Cuba. El terremoto caus\u00f3 13 fallecidos, entre ellos 3 reci\u00e9n nacidos y un gran n\u00famero de heridos. Se estima que un 80% de las edificaciones de la ciudad sufrieron alg\u00fan tipo de da\u00f1o. Muchos edificios fueron destruidos, entre ellos la C\u00e1rcel, todas las casas de la proximidad de los muelles, todas las casas de la parte alta de Lacret, la sala de operaciones del Sanatorio \u201cConcepci\u00f3n Arenal\u201d, Taller tipogr\u00e1fico \u201cGiner\u201d, Farmacia \u201cVeranes\u201d, Casa del Ron \u201cCastillo\u201d, Hospital Infantil, La Beneficencia, EL \u201cTen Cent\u201d, Edificio \u201cValent\u00edn Serrano\u201d, Aduana, Hospital de Emergencias, entre otros. <a href=\"\/cenais\/?p=936\">Fotos<\/a> y valiosos <a href=\"\/cenais\/?p=936\">documentos<\/a> sobre este terremoto est\u00e1n disponible en este sitio web.<\/p>\r\n\r\n\r\n\r\n<p><!--more--><\/p>\r\n\r\n\r\n<div class=\"wp-block-image\">\r\n<figure class=\"alignleft size-large\"><a href=\"\/cenais\/wp-content\/uploads\/2021\/02\/116.jpg\"><img loading=\"lazy\" decoding=\"async\" width=\"366\" height=\"505\" class=\"wp-image-888\" src=\"\/cenais\/wp-content\/uploads\/2021\/02\/116.jpg\" alt=\"\" srcset=\"https:\/\/www.cenais.gob.cu\/cenais\/wp-content\/uploads\/2021\/02\/116.jpg 366w, https:\/\/www.cenais.gob.cu\/cenais\/wp-content\/uploads\/2021\/02\/116-217x300.jpg 217w\" sizes=\"auto, (max-width: 366px) 100vw, 366px\" \/><\/a>\r\n<figcaption class=\"wp-element-caption\">Sanatorio \u00abConcepci\u00f3n Arenal\u00bb. Pabell\u00f3n Central del Sanatorio del Centro Gallego<\/figcaption>\r\n<\/figure>\r\n<\/div>\r\n\r\n\r\n<figure class=\"wp-block-image size-large\"><a href=\"\/cenais\/wp-content\/uploads\/2021\/02\/67.jpg\"><img loading=\"lazy\" decoding=\"async\" width=\"365\" height=\"478\" class=\"wp-image-889\" src=\"\/cenais\/wp-content\/uploads\/2021\/02\/67.jpg\" alt=\"\" srcset=\"https:\/\/www.cenais.gob.cu\/cenais\/wp-content\/uploads\/2021\/02\/67.jpg 365w, https:\/\/www.cenais.gob.cu\/cenais\/wp-content\/uploads\/2021\/02\/67-229x300.jpg 229w\" sizes=\"auto, (max-width: 365px) 100vw, 365px\" \/><\/a>\r\n<figcaption class=\"wp-element-caption\">Una Sala del Hospital \u00abSaturnino Lora\u00bb<\/figcaption>\r\n<\/figure>\r\n\r\n\r\n\r\n<p>&nbsp;<\/p>\r\n\r\n\r\n<div class=\"wp-block-image\">\r\n<figure class=\"alignleft size-large\"><a href=\"\/cenais\/wp-content\/uploads\/2021\/02\/89b.jpg\"><img loading=\"lazy\" decoding=\"async\" width=\"453\" height=\"322\" class=\"wp-image-891\" src=\"\/cenais\/wp-content\/uploads\/2021\/02\/89b.jpg\" alt=\"\" srcset=\"https:\/\/www.cenais.gob.cu\/cenais\/wp-content\/uploads\/2021\/02\/89b.jpg 453w, https:\/\/www.cenais.gob.cu\/cenais\/wp-content\/uploads\/2021\/02\/89b-300x213.jpg 300w\" sizes=\"auto, (max-width: 453px) 100vw, 453px\" \/><\/a>\r\n<figcaption class=\"wp-element-caption\">Edificio de Swift y Compa\u00f1ia. Zona Comercial de La Alameda<\/figcaption>\r\n<\/figure>\r\n<\/div>\r\n\r\n\r\n<figure class=\"wp-block-image size-large\"><a href=\"\/cenais\/wp-content\/uploads\/2021\/02\/172b.jpg\"><img loading=\"lazy\" decoding=\"async\" width=\"505\" height=\"357\" class=\"wp-image-892\" src=\"\/cenais\/wp-content\/uploads\/2021\/02\/172b.jpg\" alt=\"\" srcset=\"https:\/\/www.cenais.gob.cu\/cenais\/wp-content\/uploads\/2021\/02\/172b.jpg 505w, https:\/\/www.cenais.gob.cu\/cenais\/wp-content\/uploads\/2021\/02\/172b-300x212.jpg 300w\" sizes=\"auto, (max-width: 505px) 100vw, 505px\" \/><\/a>\r\n<figcaption class=\"wp-element-caption\">Corona y San Basilio. Antiguo Consulado de Los Estados Unidos Mejicanos<\/figcaption>\r\n<\/figure>\r\n\r\n\r\n\r\n<p>&nbsp;<\/p>\r\n\r\n\r\n\r\n<p><strong>19 Febrero 1976, 01:59 PM, Magnitud 5.7, Intensidad VIII en Pil\u00f3n.<\/strong><\/p>\r\n\r\n\r\n\r\n<p>Luego del catastr\u00f3fico terremoto ocurrido el 4 de febrero en Guatemala, la localidad de Pil\u00f3n fue muy afectada por este terremoto. <a href=\"http:\/\/www.cenais.cu\/strong\/1976\/img\/\">Fotos<\/a> y <a href=\"http:\/\/www.cenais.cu\/strong\/1976\/doc\/\">documentos<\/a> est\u00e1n disponible en este sitio web.<\/p>\r\n\r\n\r\n<div class=\"wp-block-image\">\r\n<figure class=\"alignleft size-large\"><a href=\"\/cenais\/wp-content\/uploads\/2021\/02\/guatemala1.jpg\"><img loading=\"lazy\" decoding=\"async\" width=\"519\" height=\"222\" class=\"wp-image-894\" src=\"\/cenais\/wp-content\/uploads\/2021\/02\/guatemala1.jpg\" alt=\"\" srcset=\"https:\/\/www.cenais.gob.cu\/cenais\/wp-content\/uploads\/2021\/02\/guatemala1.jpg 519w, https:\/\/www.cenais.gob.cu\/cenais\/wp-content\/uploads\/2021\/02\/guatemala1-300x128.jpg 300w\" sizes=\"auto, (max-width: 519px) 100vw, 519px\" \/><\/a><\/figure>\r\n<\/div>\r\n\r\n\r\n<p><strong>El Mundo<\/strong><\/p>\r\n\r\n\r\n\r\n<p><strong>04 Febrero 1976, 03:01 Hora local, Magnitud 7.5, Ciudad de Guatemala. 22 778 fallecidos.<\/strong><\/p>\r\n\r\n\r\n\r\n<p>En solo 39 segundos un tercio de la capital qued\u00f3 reducido a escombros y miles de edificios colapsaron; el terremoto se sinti\u00f3 tambi\u00e9n en Belice, El Salvador, Honduras y M\u00e9xico, hasta donde se sintieron sus ondas tel\u00faricas en la Ciudad de M\u00e9xico.\u200b Tambi\u00e9n se registr\u00f3 un gran n\u00famero de r\u00e9plicas, siendo las m\u00e1s fuertes las de 5,8, 5,7 y 5,2 grados. Los efectos del terremoto fueron devastadores: aproximadamente veintitr\u00e9s mil personas fallecieron, setenta y seis mil resultaron heridos y hubo m\u00e1s de un mill\u00f3n de damnificados. El terremoto se produjo durante la noche cuando la mayor\u00eda de la poblaci\u00f3n se encontraba durmiendo dentro de sus casas. Esto ha contribuido al elevado n\u00famero de v\u00edctimas y sucedi\u00f3 en plena guerra civil que abati\u00f3 al pa\u00eds entre 1960 y 1996.\u200b El sismo tambi\u00e9n ocasion\u00f3 da\u00f1os al patrimonio cultural de la naci\u00f3n. <a href=\"https:\/\/es.wikipedia.org\/wiki\/Terremoto_de_Guatemala_de_1976\">Fuente<\/a><\/p>\r\n\r\n\r\n\r\n<p><a href=\"https:\/\/es.wikipedia.org\/wiki\/Anexo:Terremotos_del_siglo_XX\">Otros terremotos significativos del mundo<\/a><\/p>\r\n\r\n\r\n\r\n<p>27 Febrero 1916, Magnitud 7.6, Noroeste de Costa Rica. 3 fallecidos<\/p>\r\n\r\n\r\n\r\n<p>03 Febrero 1931, 10:47 Hora local, Magnitud 7.9, Napier, Nueva Zelanda. 258 fallecidos.<\/p>\r\n\r\n\r\n\r\n<p>29 Febrero 1960, Magnitud 5.7, Agadir, Marruecos. 12 000 fallecidos.<\/p>\r\n\r\n\r\n\r\n<p>09 Febrero 1967, 10:24 UTC, Magnitud 7.2, Neiva, Colombia. 150 fallecidos.<\/p>\r\n\r\n\r\n\r\n<p>28 Febrero 1969, Magnitud 7.3, Cabo de San Vicente, Portugal. 19 fallecidos.<\/p>\r\n\r\n\r\n\r\n<p>09 Febrero 1971, 14:00 UTC, Magnitud 6.7, San Fernando, California, USA. 65 fallecidos.<\/p>\r\n\r\n\r\n\r\n<p>13 Febrero 2001, 14:22 UTC, Magnitud 6.6, San Salvador, El Salvador. 315 fallecidos.<\/p>\r\n\r\n\r\n\r\n<p>24 Febrero 2004, 02:27 UTC, Magnitud 6.4, Amazigh, Marruecos. 1200 fallecidos.<\/p>\r\n\r\n\r\n\r\n<p>03 Febrero 2008, 07:34 UTC, Magnitud 5.9, Lago Kivu, Ruanda, El Congo, Burundi, Kenia. 39 fallecidos.<\/p>\r\n\r\n\r\n\r\n<p>12 Febrero 2008, 12:50 UTC, Magnitud 6.5, Oaxaca, M\u00e9xico. 1 fallecido.<\/p>\r\n\r\n\r\n\r\n<p>20 Febrero 2008, 08:08 UTC, Magnitud 7.4, Simeulue, Indonesia. 3 fallecidos.<\/p>\r\n\r\n\r\n\r\n<p>27 Febrero 2010, 06:34 UTC, Magnitud 8.8, Biob\u00edo, Chile. 521 fallecidos.<\/p>\r\n\r\n\r\n\r\n<p>21 Febrero 2011, 23:51 UTC, Magnitud 6.3, Nueva Zelanda. 165 fallecidos.<\/p>\r\n\r\n\r\n\r\n<p>06 Febrero 2012, 03:49 UTC, Magnitud 6.7, Ceb\u00fa, Filipinas. 113 fallecidos.<\/p>\r\n\r\n\r\n\r\n<p>06 Febrero 2013, 01:12 UTC, Magnitud 8.0, Islas Salom\u00f3n. 13 fallecidos.<\/p>\r\n\r\n\r\n\r\n<p>16 Febrero 2018, 23:39 UTC, Magnitud 7.2, Oaxaca, M\u00e9xico. 13 fallecidos.<\/p>\r\n","protected":false},"excerpt":{"rendered":"<p>&nbsp; CUBA 3 Febrero 1932, 01:16 AM, Magnitud 6.7, Intensidad VIII en Santiago de Cuba. Es el terremoto m\u00e1s destructivo que ha sufrido Cuba en los \u00faltimos 169 a\u00f1os, despu\u00e9s del terremoto del 20 de agosto de 1852. La revista Bohemia de la \u00e9poca publica informaci\u00f3n detallada de lo ocurrido en la ciudad de Santiago [&hellip;]<\/p>\n","protected":false},"author":1,"featured_media":0,"comment_status":"closed","ping_status":"closed","sticky":false,"template":"","format":"standard","meta":{"footnotes":""},"categories":[3],"tags":[],"class_list":["post-869","post","type-post","status-publish","format-standard","hentry","category-efemerides-sismicas","cat-3-id"],"_links":{"self":[{"href":"https:\/\/www.cenais.gob.cu\/cenais\/index.php?rest_route=\/wp\/v2\/posts\/869","targetHints":{"allow":["GET"]}}],"collection":[{"href":"https:\/\/www.cenais.gob.cu\/cenais\/index.php?rest_route=\/wp\/v2\/posts"}],"about":[{"href":"https:\/\/www.cenais.gob.cu\/cenais\/index.php?rest_route=\/wp\/v2\/types\/post"}],"author":[{"embeddable":true,"href":"https:\/\/www.cenais.gob.cu\/cenais\/index.php?rest_route=\/wp\/v2\/users\/1"}],"replies":[{"embeddable":true,"href":"https:\/\/www.cenais.gob.cu\/cenais\/index.php?rest_route=%2Fwp%2Fv2%2Fcomments&post=869"}],"version-history":[{"count":25,"href":"https:\/\/www.cenais.gob.cu\/cenais\/index.php?rest_route=\/wp\/v2\/posts\/869\/revisions"}],"predecessor-version":[{"id":1919,"href":"https:\/\/www.cenais.gob.cu\/cenais\/index.php?rest_route=\/wp\/v2\/posts\/869\/revisions\/1919"}],"wp:attachment":[{"href":"https:\/\/www.cenais.gob.cu\/cenais\/index.php?rest_route=%2Fwp%2Fv2%2Fmedia&parent=869"}],"wp:term":[{"taxonomy":"category","embeddable":true,"href":"https:\/\/www.cenais.gob.cu\/cenais\/index.php?rest_route=%2Fwp%2Fv2%2Fcategories&post=869"},{"taxonomy":"post_tag","embeddable":true,"href":"https:\/\/www.cenais.gob.cu\/cenais\/index.php?rest_route=%2Fwp%2Fv2%2Ftags&post=869"}],"curies":[{"name":"wp","href":"https:\/\/api.w.org\/{rel}","templated":true}]}}