{"id":746,"date":"2026-05-01T00:00:00","date_gmt":"2026-05-01T00:00:00","guid":{"rendered":"http:\/\/www.cenais.cu\/cenais\/?p=746"},"modified":"2026-02-05T16:35:09","modified_gmt":"2026-02-05T16:35:09","slug":"mayo-terremotos-en-la-historia","status":"publish","type":"post","link":"https:\/\/www.cenais.gob.cu\/cenais\/?p=746","title":{"rendered":"Mayo. Terremotos en la historia."},"content":{"rendered":"<p><img decoding=\"async\" class=\"alignleft\" src=\"\/cenais\/wp-content\/themes\/typist\/img\/entrada\/mayo\/valdivia1960.jpg\" alt=\"\" \/><\/p>\n<p><strong>El MUNDO<\/strong><\/p>\n<p><strong>22 Mayo 1960, 03:11 PM Hora local, Magnitud 9.5, Valdivia, Chile<\/strong><\/p>\n<p style=\"text-align: justify;\">Su epicentro se localiz\u00f3 en las cercan\u00edas de Traigu\u00e9n, provincia de Malleco, Regi\u00f3n de La Araucan\u00eda, y tuvo una magnitud de 9,5\u00a0M<sub>W<\/sub>, el m\u00e1s potente registrado instrumentalmente en la historia de la humanidad. Junto con el evento principal, se produjo una serie de movimientos tel\u00faricos de importancia entre el 21 de mayo y el 6 de junio que afect\u00f3 a gran parte del sur de Chile. El sismo fue percibido a nivel planetario y produjo una serie de maremotos \u2014cuyo alcance se extendi\u00f3 a diversas localidades a lo largo del oc\u00e9ano Pac\u00edfico, incluyendo Haw\u00e1i y las costas de Jap\u00f3n. Cataliz\u00f3 la erupci\u00f3n del volc\u00e1n Puyehue, que cubri\u00f3 de cenizas el lago hom\u00f3nimo. Se estima que esta cat\u00e1strofe natural cost\u00f3 la vida de entre 1999\u200b y 2190\u200b personas, y dej\u00f3 damnificados a m\u00e1s de 2\u00a0millones. <a href=\"https:\/\/es.wikipedia.org\/wiki\/Terremoto_de_Valdivia_de_1960\">Fuente<\/a>.<\/p>\n<p><!--more--><\/p>\n<p><strong>Otros terremotos significativos<\/strong><\/p>\n<p>4 Mayo 1910, Magnitud: 6.7,\u00a0 \u00a0Ciudad de Cartago, Costa Rica, \u00a01750 fallecidos.<\/p>\n<p>22 Mayo 1927,\u00a0 22:32 UTC, Magnitud: 7.9,\u00a0 \u00a0Tsinghai, China \u00a0200 000 fallecidos.<\/p>\n<p>31 Mayo 1935, Magnitud: 7.7,\u00a0 \u00a0Quetta, Paquist\u00e1n \u00a030 000 a 60 000 fallecidos.<\/p>\n<p>18 Mayo 1940, Magnitud: 7.1,\u00a0 \u00a0California, USA \u00a09 fallecidos.<\/p>\n<p>24 Mayo 1940, Magnitud: 8.0,\u00a0 \u00a0Lima, Per\u00fa \u00a01000 fallecidos.<\/p>\n<p>21 Mayo 1950,\u00a0 Magnitud: 6.4,\u00a0 \u00a0Cusco, Per\u00fa \u00a01500 fallecidos.<\/p>\n<p>21 Mayo 1960,\u00a0 17:48 UTC, Magnitud: 7.5,\u00a0 \u00a0Valdivia, Chile \u00a039 fallecidos.<\/p>\n<p>31 Mayo 1970,\u00a0 15:30 UTC, Magnitud: 7.9,\u00a0 \u00a0Yungay, Per\u00fa \u00a066 000 a 80 000 fallecidos.<\/p>\n<p>2 Mayo 1983,\u00a0 23:42 UTC, Magnitud: 6.5,\u00a0 \u00a0California, USA \u00a02 fallecidos.<\/p>\n<p>21 Mayo 2003, 18:44 UTC, Magnitud 6.8, Boumerdes, Algeria, 2266 fallecidos.<\/p>\n<p>26 Mayo 2006, 22:53 UTC, Magnitud 6.4, Yogyakarta, Indonesia, 5782 fallecidos.<\/p>\n<p>12 Mayo 2008, 06:28 UTC, Magnitud 7.9, Sichuan, China, 87587 fallecidos.<\/p>\n<p><strong>CUBA<\/strong><\/p>\n<p><img decoding=\"async\" class=\"alignleft\" src=\"\/cenais\/wp-content\/themes\/typist\/img\/entrada\/mayo\/1842CaboH.jpg\" alt=\"\" \/><\/p>\n<p style=\"text-align: justify;\"><strong>7 Mayo 1842, 05:00 PM Hora local, Magnitud estimada 8.0, Intensidad VIII en Baracoa (epicentro norte de Hait\u00ed).<\/strong><\/p>\n<p style=\"text-align: justify;\">A las cinco de la tarde se experimenta un fuerte temblor de tierra y durante un mes se sienten temblores de tiempo en tiempo. En Baracoa, en las monta\u00f1as el Yunque y Marcos Reyes, se desprendieron dos pe\u00f1ascos de m\u00e1s de 20 varas de largo y otras tantas de ancho, se agriet\u00f3 la tierra, anunci\u00e1ndose el fen\u00f3meno cuatro d\u00edas antes por una plaga de cangrejitos que invadi\u00f3 la poblaci\u00f3n hasta sus \u00faltimos rincones, huyendo de emanaciones sulfurosas que llenaban sus cuevas y desaparecieron al cesar dichos movimientos. En Santo Domingo y en Hait\u00ed hubo tambi\u00e9n fuertes sacudimientos; en Cabo Haitiano fue desastroso, perecieron en las ruinas el excomerciante de esta ciudad Monsieur Merantier. En Saint Thomas y Puerto Rico tembl\u00f3 tambi\u00e9n. <a href=\"http:\/\/www.cenais.cu\/strong\/184205\/ref\/refMay1842.pdf\">Fuente<\/a>.<\/p>\n<p style=\"text-align: justify;\"><img decoding=\"async\" class=\"alignright\" src=\"\/cenais\/wp-content\/themes\/typist\/img\/entrada\/mayo\/1992MAY25.JPG\" alt=\"\" \/><\/p>\n<p style=\"text-align: justify;\"><strong>25 Mayo 1992, 12:55 PM Hora Local, Magnitud 6.9, Cabo Cruz, Provincia Granma.<\/strong><\/p>\n<p style=\"text-align: justify;\">Terremoto perceptible en todas las provincias orientales y centro del pa\u00eds. Agriet\u00f3 numerosas paredes de edificaciones y produjo p\u00e1nico en <span style=\"transform: scaleX(0.956049);\">la poblaci\u00f3n.<\/span> A ra\u00edz de la ocurrencia de ese evento, el de mayor magnitud registrado instrumentalmente en Cuba hasta esa fecha, el Comandante en Jefe Fidel Castro Ruz visit\u00f3 la provincia Granma y la sede del CENAIS en Santiago de Cuba.<\/p>\n<figure style=\"width: 628px\" class=\"wp-caption alignleft\"><img loading=\"lazy\" decoding=\"async\" src=\"\/cenais\/wp-content\/themes\/typist\/img\/entrada\/mayo\/fidelBayamo1.jpg\" alt=\"\" width=\"628\" height=\"361\" \/><figcaption class=\"wp-caption-text\">Fidel en Granma, 29 de mayo, 1992.<\/figcaption><\/figure>\n<figure style=\"width: 640px\" class=\"wp-caption alignleft\"><img loading=\"lazy\" decoding=\"async\" src=\"\/cenais\/wp-content\/themes\/typist\/img\/entrada\/mayo\/fidelBayamo2.jpg\" alt=\"\" width=\"640\" height=\"430\" \/><figcaption class=\"wp-caption-text\">Fidel en Granma, 29 de mayo, 1992.<\/figcaption><\/figure>\n<figure style=\"width: 320px\" class=\"wp-caption aligncenter\"><img loading=\"lazy\" decoding=\"async\" src=\"\/cenais\/wp-content\/themes\/typist\/img\/entrada\/mayo\/FidelCENAIS.jpg\" alt=\"\" width=\"320\" height=\"240\" \/><figcaption class=\"wp-caption-text\">Fidel en el CENAIS, Santiago de Cuba.<\/figcaption><\/figure>\n","protected":false},"excerpt":{"rendered":"<p>El MUNDO 22 Mayo 1960, 03:11 PM Hora local, Magnitud 9.5, Valdivia, Chile Su epicentro se localiz\u00f3 en las cercan\u00edas de Traigu\u00e9n, provincia de Malleco, Regi\u00f3n de La Araucan\u00eda, y tuvo una magnitud de 9,5\u00a0MW, el m\u00e1s potente registrado instrumentalmente en la historia de la humanidad. Junto con el evento principal, se produjo una serie [&hellip;]<\/p>\n","protected":false},"author":1,"featured_media":0,"comment_status":"closed","ping_status":"closed","sticky":false,"template":"","format":"standard","meta":{"footnotes":""},"categories":[3],"tags":[],"class_list":["post-746","post","type-post","status-publish","format-standard","hentry","category-efemerides-sismicas","cat-3-id"],"_links":{"self":[{"href":"https:\/\/www.cenais.gob.cu\/cenais\/index.php?rest_route=\/wp\/v2\/posts\/746","targetHints":{"allow":["GET"]}}],"collection":[{"href":"https:\/\/www.cenais.gob.cu\/cenais\/index.php?rest_route=\/wp\/v2\/posts"}],"about":[{"href":"https:\/\/www.cenais.gob.cu\/cenais\/index.php?rest_route=\/wp\/v2\/types\/post"}],"author":[{"embeddable":true,"href":"https:\/\/www.cenais.gob.cu\/cenais\/index.php?rest_route=\/wp\/v2\/users\/1"}],"replies":[{"embeddable":true,"href":"https:\/\/www.cenais.gob.cu\/cenais\/index.php?rest_route=%2Fwp%2Fv2%2Fcomments&post=746"}],"version-history":[{"count":23,"href":"https:\/\/www.cenais.gob.cu\/cenais\/index.php?rest_route=\/wp\/v2\/posts\/746\/revisions"}],"predecessor-version":[{"id":1931,"href":"https:\/\/www.cenais.gob.cu\/cenais\/index.php?rest_route=\/wp\/v2\/posts\/746\/revisions\/1931"}],"wp:attachment":[{"href":"https:\/\/www.cenais.gob.cu\/cenais\/index.php?rest_route=%2Fwp%2Fv2%2Fmedia&parent=746"}],"wp:term":[{"taxonomy":"category","embeddable":true,"href":"https:\/\/www.cenais.gob.cu\/cenais\/index.php?rest_route=%2Fwp%2Fv2%2Fcategories&post=746"},{"taxonomy":"post_tag","embeddable":true,"href":"https:\/\/www.cenais.gob.cu\/cenais\/index.php?rest_route=%2Fwp%2Fv2%2Ftags&post=746"}],"curies":[{"name":"wp","href":"https:\/\/api.w.org\/{rel}","templated":true}]}}