{"id":1465,"date":"2026-09-01T00:00:23","date_gmt":"2026-09-01T00:00:23","guid":{"rendered":"http:\/\/www.cenais.cu\/cenais\/?p=1465"},"modified":"2026-02-05T16:27:35","modified_gmt":"2026-02-05T16:27:35","slug":"septiembre-terremotos-en-la-historia","status":"publish","type":"post","link":"https:\/\/www.cenais.gob.cu\/cenais\/?p=1465","title":{"rendered":"Septiembre. Terremotos en la historia"},"content":{"rendered":"<div class=\"wp-block-image\">\r\n<figure class=\"alignleft size-full\"><a href=\"\/cenais\/wp-content\/uploads\/2021\/09\/imagen.png\"><img loading=\"lazy\" decoding=\"async\" width=\"250\" height=\"170\" class=\"wp-image-1466\" src=\"\/cenais\/wp-content\/uploads\/2021\/09\/imagen.png\" alt=\"\" \/><\/a><\/figure>\r\n<\/div>\r\n\r\n\r\n<p>&nbsp;<\/p>\r\n\r\n\r\n\r\n<p><strong>El Mundo<\/strong><\/p>\r\n\r\n\r\n\r\n<p><strong>1 Septiembre 1923, 11:58 Hora Local, Magnitud 7.8, Kant\u00f3, Jap\u00f3n.<\/strong><\/p>\r\n\r\n\r\n\r\n<p>De acuerdo a las fuentes m\u00e1s confiables, al menos 105 385 personas murieron y otras 37 000 quedaron desaparecidas, posiblemente muertas. Muchas de las v\u00edctimas provienen de los 88 incendios que ocurrieron de manera separada y que se extendieron r\u00e1pidamente debido a los fuertes vientos de un tif\u00f3n cerca de la <a href=\"https:\/\/es.wikipedia.org\/wiki\/Pen%C3%ADnsula_de_Noto\">pen\u00ednsula de Noto<\/a>. En varios lugares, fueron observadas tormentas de fuego, la m\u00e1s grande se cobr\u00f3 al menos 30 000 vidas en el Rikugun Honjo Hifukusho. El fuego dur\u00f3 dos d\u00edas hasta la ma\u00f1ana del 3 de septiembre. Alrededor de 570.000 hogares fueron destruidos, dejando un estimado de 1,9 millones de damnificados o refugiados. El da\u00f1o se estima que excedi\u00f3 los mil millones de d\u00f3lares estadounidenses actuales. <a href=\"https:\/\/es.wikipedia.org\/wiki\/Gran_terremoto_de_Kant%C5%8D\">Fuente<\/a><\/p>\r\n\r\n\r\n\r\n<p><!--more--><\/p>\r\n\r\n\r\n<div class=\"wp-block-image\">\r\n<figure class=\"alignleft size-full\"><a href=\"\/cenais\/wp-content\/uploads\/2021\/09\/imagen-1.png\"><img loading=\"lazy\" decoding=\"async\" width=\"240\" height=\"304\" class=\"wp-image-1467\" src=\"\/cenais\/wp-content\/uploads\/2021\/09\/imagen-1.png\" alt=\"\" srcset=\"https:\/\/www.cenais.gob.cu\/cenais\/wp-content\/uploads\/2021\/09\/imagen-1.png 240w, https:\/\/www.cenais.gob.cu\/cenais\/wp-content\/uploads\/2021\/09\/imagen-1-237x300.png 237w\" sizes=\"auto, (max-width: 240px) 100vw, 240px\" \/><\/a><\/figure>\r\n<\/div>\r\n\r\n\r\n<p><strong>19 Septiembre 1985, 07:17:47 Hora Local, Magnitud 8.1, M\u00e9xico.<\/strong><\/p>\r\n\r\n\r\n\r\n<p>El sismo afect\u00f3 la zona centro, sur y occidente de M\u00e9xico, en particular a la Ciudad de M\u00e9xico, donde se percibi\u00f3 a las 07:19, hora local. Ha sido el m\u00e1s significativo y da\u00f1ino en la historia escrita de los movimientos tel\u00faricos de dicho pa\u00eds y de su capital,y super\u00f3 en intensidad y en da\u00f1os al <a href=\"https:\/\/es.wikipedia.org\/wiki\/Terremoto_de_M%C3%A9xico_de_1957\">registrado en 1957<\/a>, que hasta entonces hab\u00eda sido el m\u00e1s notable en la ciudad. La r\u00e9plica acontecida un d\u00eda despu\u00e9s, la noche del 20 de septiembre, tambi\u00e9n tuvo gran repercusi\u00f3n para la capital al colapsar estructuras reblandecidas un d\u00eda antes. El n\u00famero preciso de muertos, heridos y da\u00f1os materiales nunca se conoci\u00f3 con precisi\u00f3n. En cuanto a las personas fallecidas, solo existen estimaciones: 3192 fue la cifra oficial, mientras que 20 000 fue el dato resultante de los c\u00e1lculos de algunas organizaciones. <a href=\"https:\/\/es.wikipedia.org\/wiki\/Terremoto_de_M%C3%A9xico_de_1985\">Fuente<\/a><\/p>\r\n\r\n\r\n\r\n<p>&nbsp;<\/p>\r\n\r\n\r\n\r\n<p>&nbsp;<\/p>\r\n\r\n\r\n\r\n<p>&nbsp;<\/p>\r\n\r\n\r\n\r\n<p><a href=\"https:\/\/es.wikipedia.org\/wiki\/Anexo:Terremotos_del_siglo_XX\">Otros terremotos significativos<\/a><\/p>\r\n\r\n\r\n\r\n<p>1 Septiembre 1962, Magnitud 6.2, Buyin-Zara, Quazvin, Ir\u00e1n. 1000 a 1200 fallecidos.<\/p>\r\n\r\n\r\n\r\n<p>16 Septiembre 1978, 15:35 UTC, Magnitud 7.7, Noroeste de Ir\u00e1n. 25000 fallecidos.<\/p>\r\n\r\n\r\n\r\n<p>21 Septiembre 1992, 00:16 UTC, Magnitud 7.7, Nicaragua. 116 fallecidos.<\/p>\r\n\r\n\r\n\r\n<p>29 Septiembre 1993, 22:25 UTC, Magnitud 6.2, Latur-Killari, India. 9748 fallecidos.<\/p>\r\n\r\n\r\n\r\n<p>20 Septiembre 1999, 17:47 UTC, Magnitud 7.7, Chi-Chi, Taiwan. 2400 fallecidos.<\/p>\r\n\r\n\r\n\r\n<p>30 Septiembre 1999, 16:47 UTC, Magnitud 7.5, Puerto Angel, Oaxaca, M\u00e9xico. 10 fallecidos.<\/p>\r\n\r\n\r\n\r\n<p>25 Septiembre 2005, 20:55 UTC, Magnitud 7.5, Moyobamba, Per\u00fa. 7 fallecidos.<\/p>\r\n\r\n\r\n\r\n<p>21 Septiembre 2009, 08:53 UTC, Magnitud 6.1, Frontera con India, But\u00e1n. 12 fallecidos.<\/p>\r\n\r\n\r\n\r\n<p>30 Septiembre 2009, 10:16 UTC, Magnitud 7.6, Sur de Sumatra, Indonesia. 110 fallecidos.<\/p>\r\n\r\n\r\n\r\n<p>3 Septiembre 2010, 16:35 UTC, Magnitud 7.0, Christchurch, Nueva Zelanda. 1 fallecido.<\/p>\r\n\r\n\r\n\r\n<p>17 Septiembre 2010, 19:21 UTC, Magnitud 6.3, Kabul, Afganist\u00e1n. 2 fallecidos.<\/p>\r\n\r\n\r\n\r\n<p>27 Septiembre 2010, 11:22 UTC, Magnitud 5.9, Kazzeroon, Ir\u00e1n. 1 fallecido.<\/p>\r\n\r\n\r\n\r\n<p>18 Septiembre 2011, 12:40 UTC, Magnitud 6.9, India. 63 fallecidos.<\/p>\r\n\r\n\r\n\r\n<p>5 Septiembre 2012, 14:42 UTC, Magnitud 7.6, Samara, Costa Rica. 2 fallecidos.<\/p>\r\n\r\n\r\n\r\n<p>7 Septiembre 2012, 03:19 UTC, Magnitud 5.7, Jiaokui, China. 50 fallecidos.<\/p>\r\n\r\n\r\n\r\n<p>7 Septiembre 2013, 00:13 UTC, Magnitud 6.5, Pajapita, Guatemala. 1 fallecido.<\/p>\r\n\r\n\r\n\r\n<p>24 Septiembre 2013, 11:29 UTC, Magnitud 7.7, Awaran, Pakist\u00e1n. 825 fallecidos.<\/p>\r\n\r\n\r\n\r\n<p>16 Septiembre 2015, 22:54 UTC, Magnitud 8.3, Coquimbo, Chile. 13 fallecidos.<\/p>\r\n\r\n\r\n\r\n<p>8 Septiembre 2017, 04:49 UTC, Magnitud 8.2, Chiapas, M\u00e9xico. 102 fallecidos.<\/p>\r\n\r\n\r\n\r\n<p>19 Septiembre 2017, 18:14 UTC, Magnitud 7.1, Puebla, M\u00e9xico. 371 fallecidos.<\/p>\r\n\r\n\r\n\r\n<p>&nbsp;<\/p>\r\n\r\n\r\n\r\n<p><strong>CUBA<\/strong><\/p>\r\n\r\n\r\n<div class=\"wp-block-image\">\r\n<figure class=\"alignleft size-full\"><a href=\"\/cenais\/wp-content\/uploads\/2021\/09\/imagen-2.png\"><img loading=\"lazy\" decoding=\"async\" width=\"424\" height=\"270\" class=\"wp-image-1468\" src=\"\/cenais\/wp-content\/uploads\/2021\/09\/imagen-2.png\" alt=\"\" srcset=\"https:\/\/www.cenais.gob.cu\/cenais\/wp-content\/uploads\/2021\/09\/imagen-2.png 424w, https:\/\/www.cenais.gob.cu\/cenais\/wp-content\/uploads\/2021\/09\/imagen-2-300x191.png 300w\" sizes=\"auto, (max-width: 424px) 100vw, 424px\" \/><\/a><\/figure>\r\n<\/div>\r\n\r\n\r\n<p><strong>18 Septiembre 1826, 04 AM Hora Local, Magnitud Estimada 6.8, Intensidad VIII en Santiago de Cuba.<\/strong><\/p>\r\n\r\n\r\n\r\n<p>En <a href=\"http:\/\/www.cenais.cu\/strong\/1826\/doc\/ref1826.pdf\">Cr\u00f3nicas de Bacard\u00ed<\/a> Tomo II se expresa: \u201cA las 4 de la madrugada temblor de tierra de unos 50 segundos de duraci\u00f3n. Hubo aver\u00edas en casi todos los edificios, principalmente los de los barrios de la Cantera y Marina\u201d.<\/p>\r\n\r\n\r\n\r\n<p>&nbsp;<\/p>\r\n","protected":false},"excerpt":{"rendered":"<p>&nbsp; El Mundo 1 Septiembre 1923, 11:58 Hora Local, Magnitud 7.8, Kant\u00f3, Jap\u00f3n. De acuerdo a las fuentes m\u00e1s confiables, al menos 105 385 personas murieron y otras 37 000 quedaron desaparecidas, posiblemente muertas. Muchas de las v\u00edctimas provienen de los 88 incendios que ocurrieron de manera separada y que se extendieron r\u00e1pidamente debido a [&hellip;]<\/p>\n","protected":false},"author":1,"featured_media":0,"comment_status":"closed","ping_status":"closed","sticky":false,"template":"","format":"standard","meta":{"footnotes":""},"categories":[3],"tags":[],"class_list":["post-1465","post","type-post","status-publish","format-standard","hentry","category-efemerides-sismicas","cat-3-id"],"_links":{"self":[{"href":"https:\/\/www.cenais.gob.cu\/cenais\/index.php?rest_route=\/wp\/v2\/posts\/1465","targetHints":{"allow":["GET"]}}],"collection":[{"href":"https:\/\/www.cenais.gob.cu\/cenais\/index.php?rest_route=\/wp\/v2\/posts"}],"about":[{"href":"https:\/\/www.cenais.gob.cu\/cenais\/index.php?rest_route=\/wp\/v2\/types\/post"}],"author":[{"embeddable":true,"href":"https:\/\/www.cenais.gob.cu\/cenais\/index.php?rest_route=\/wp\/v2\/users\/1"}],"replies":[{"embeddable":true,"href":"https:\/\/www.cenais.gob.cu\/cenais\/index.php?rest_route=%2Fwp%2Fv2%2Fcomments&post=1465"}],"version-history":[{"count":7,"href":"https:\/\/www.cenais.gob.cu\/cenais\/index.php?rest_route=\/wp\/v2\/posts\/1465\/revisions"}],"predecessor-version":[{"id":1951,"href":"https:\/\/www.cenais.gob.cu\/cenais\/index.php?rest_route=\/wp\/v2\/posts\/1465\/revisions\/1951"}],"wp:attachment":[{"href":"https:\/\/www.cenais.gob.cu\/cenais\/index.php?rest_route=%2Fwp%2Fv2%2Fmedia&parent=1465"}],"wp:term":[{"taxonomy":"category","embeddable":true,"href":"https:\/\/www.cenais.gob.cu\/cenais\/index.php?rest_route=%2Fwp%2Fv2%2Fcategories&post=1465"},{"taxonomy":"post_tag","embeddable":true,"href":"https:\/\/www.cenais.gob.cu\/cenais\/index.php?rest_route=%2Fwp%2Fv2%2Ftags&post=1465"}],"curies":[{"name":"wp","href":"https:\/\/api.w.org\/{rel}","templated":true}]}}